{"id":498,"date":"2021-01-28T07:13:41","date_gmt":"2021-01-28T07:13:41","guid":{"rendered":"https:\/\/zeugma.org.tr\/?p=498"},"modified":"2024-03-03T19:59:17","modified_gmt":"2024-03-03T19:59:17","slug":"zeugma-mozaik-muzesini-gecen-yil-sanal-ortamda-1-milyon-kisi-ziyaret-etti","status":"publish","type":"post","link":"https:\/\/zeugma.org.tr\/en-gb\/zeugma-mozaik-muzesini-gecen-yil-sanal-ortamda-1-milyon-kisi-ziyaret-etti\/","title":{"rendered":"1 MILLION PEOPLE VISITED ZEUGMA MOSAIC MUSEUM LAST YEAR VIRTUALLY"},"content":{"rendered":"<p>Gaziantep&#8217;te bulunan d\u00fcnyan\u0131n en b\u00fcy\u00fck mozaik m\u00fczelerinden Zeugma Mozaik M\u00fczesi, yeni tip koronavir\u00fcs (Kovid-19) tedbirleri kapsam\u0131nda ziyaret\u00e7ilerini sanal ortamda da a\u011f\u0131rl\u0131yor.<\/p>\n\n\n\n<p>Resmi a\u00e7\u0131l\u0131\u015f\u0131 9 Eyl\u00fcl 2011&#8217;de yap\u0131lan, 25 bini kapal\u0131 olmak \u00fczere 30 bin metrekarelik alana kurulu Zeugma Mozaik M\u00fczesi, Kovid-19 salg\u0131n\u0131 nedeniyle ge\u00e7mi\u015f y\u0131llara g\u00f6re daha sakin bir d\u00f6nem ya\u015f\u0131yor.<\/p>\n\n\n\n<p>Cumhurba\u015fkanl\u0131\u011f\u0131 K\u00fclt\u00fcr ve Sanat B\u00fcy\u00fck \u00d6d\u00fcll\u00fc m\u00fczede, \u00c7ingene K\u0131z\u0131 mozai\u011fi, Mars heykeli, ABD&#8217;den getirilen par\u00e7alar, yakla\u015f\u0131k 150 metrekarelik duvar resmi, Roma d\u00f6nemine ait \u00e7e\u015fmeler ve F\u0131rat Nehri kenar\u0131ndaki villalarda bulunan mozaikler sergileniyor.<\/p>\n\n\n\n<p>Gaziantep M\u00fcze M\u00fcd\u00fcr\u00fc \u00d6zg\u00fcr \u00c7omak, AA muhabirine yapt\u0131\u011f\u0131 a\u00e7\u0131klamada, Zeugma Mozaik M\u00fczesi&#8217;nin 2011&#8217;de ziyarete a\u00e7\u0131ld\u0131\u011f\u0131n\u0131, 3 ana b\u00f6l\u00fcmden olu\u015fan m\u00fczenin A blo\u011funda Roma d\u00f6nemine ait eserlerin, B blo\u011funda Gaziantep&#8217;in il\u00e7eleri, k\u00f6yleri ve \u00e7e\u015fitli yerlerdeki kaz\u0131larda \u00e7\u0131kan mozaiklerin yer ald\u0131\u011f\u0131n\u0131, \u00fc\u00e7\u00fcnc\u00fc blokta ise sergi ve kongre merkezlerinin bulundu\u011funu anlatt\u0131.<\/p>\n\n\n\n<p>&#8220;D\u00fcnyada 13 renk skalas\u0131na ula\u015fm\u0131\u015f tek mozaik m\u00fczesidir<\/p>\n\n\n\n<p>M\u00fczede F\u0131rat Nehri kenar\u0131ndaki villalarda bulunan mozaiklerin de sergilendi\u011finin alt\u0131z\u0131 \u00e7izen \u00c7omak, &#8220;M\u00fczede \u00fc\u00e7 boyutlu \u00e7ok g\u00fczel mozaikler mevcut. Zeugma Mozaik M\u00fczesi&#8217;nin di\u011fer m\u00fczelerden en \u00f6nemli farklar\u0131ndan biri de 13 renk skalas\u0131 dedi\u011fimiz ara renklerle beraber \u00f6zellikle cam mozaik ta\u015flar\u0131n\u0131n kullan\u0131ld\u0131\u011f\u0131 \u00e7ok \u00f6zel mozaiklerimiz var. D\u00fcnyada 13 renk skalas\u0131na ula\u015fm\u0131\u015f tek mozaik m\u00fczesidir. &#8221; dedi.<\/p>\n\n\n\n<p>\u00c7omak, K\u00fclt\u00fcr Varl\u0131klar\u0131 ve M\u00fczeler Genel M\u00fcd\u00fcrl\u00fc\u011f\u00fc destekleriyle hem Zeugma Mozaik M\u00fczesi&#8217;nde hem de Gaziantep Arkeoloji M\u00fczesi&#8217;nde sanal m\u00fcze uygulamas\u0131na ge\u00e7ildi\u011fini belirterek, &#8220;Buraya gelemeyen insanlar, K\u00fclt\u00fcr ve Turizm Bakanl\u0131\u011f\u0131n\u0131n web sayfas\u0131 \u00fczerinden online \u015fekilde buray\u0131 gezebiliyor. M\u00fczemizi 2020&#8217;de internet \u00fczerinden 1 milyon ki\u015fi ziyaret etti.&#8221; diye konu\u015ftu.<\/p>\n\n\n\n<p>M\u00fczeyi 9 y\u0131lda 1,5 milyon ki\u015fi ziyaret etti<\/p>\n\n\n\n<p>Japonya, \u00c7in, \u0130ngiltere, \u0130talya ve \u00e7e\u015fitli Avrupa \u00fclkeleri ile ABD&#8217;den turistlerin b\u00f6lgeye ilgi g\u00f6sterdi\u011fini belirten \u00c7omak, m\u00fczeyi 2018&#8217;de 267 bin 552, 2019&#8217;da 340 bin 569, 2020&#8217;de de 89 bin 292 ki\u015finin ziyaret etti\u011fini, 2011-2020 aras\u0131nda ise 1,5 milyon turisti a\u011f\u0131rlad\u0131klar\u0131n\u0131 kaydetti.<\/p>\n\n\n\n<p>Salg\u0131nla birlikte ziyaret\u00e7i say\u0131s\u0131n\u0131n d\u00fc\u015ft\u00fc\u011f\u00fcn\u00fc aktaran \u00c7omak, &#8220;\u00c7\u00fcnk\u00fc pandemi d\u00f6neminde 1 Haziran&#8217;a kadar t\u00fcm \u00f6ren yerlerimiz ziyaret\u00e7iye kapal\u0131yd\u0131. Amac\u0131m\u0131z bu y\u0131l \u00f6zellikle pandemi sonras\u0131nda, 2018 ve 2019 y\u0131llardaki ziyaret\u00e7i say\u0131lar\u0131n\u0131n daha da \u00fcst\u00fcne \u00e7\u0131kabilmek. \u00d6zellikle GAP turlar\u0131n\u0131n iptal edilmesi de ziyaret\u00e7i say\u0131lar\u0131n\u0131 etkiledi. Pandemi d\u00f6neminde a\u011f\u0131rl\u0131kl\u0131 olarak yerli turist ziyaretlerimiz yo\u011fun \u015fekilde s\u00fcr\u00fcyor.&#8221; ifadelerini kulland\u0131.<\/p>\n\n\n\n<p>Kaynak:A.A.<\/p>","protected":false},"excerpt":{"rendered":"<p>Gaziantep&#8217;te bulunan d\u00fcnyan\u0131n en b\u00fcy\u00fck mozaik m\u00fczelerinden Zeugma Mozaik M\u00fczesi, yeni tip koronavir\u00fcs (Kovid-19) tedbirleri kapsam\u0131nda ziyaret\u00e7ilerini sanal ortamda da a\u011f\u0131rl\u0131yor.<\/p>","protected":false},"author":1,"featured_media":5699,"comment_status":"open","ping_status":"open","sticky":false,"template":"","format":"standard","meta":{"footnotes":""},"categories":[22],"tags":[110,88,94],"_links":{"self":[{"href":"https:\/\/zeugma.org.tr\/en-gb\/wp-json\/wp\/v2\/posts\/498"}],"collection":[{"href":"https:\/\/zeugma.org.tr\/en-gb\/wp-json\/wp\/v2\/posts"}],"about":[{"href":"https:\/\/zeugma.org.tr\/en-gb\/wp-json\/wp\/v2\/types\/post"}],"author":[{"embeddable":true,"href":"https:\/\/zeugma.org.tr\/en-gb\/wp-json\/wp\/v2\/users\/1"}],"replies":[{"embeddable":true,"href":"https:\/\/zeugma.org.tr\/en-gb\/wp-json\/wp\/v2\/comments?post=498"}],"version-history":[{"count":0,"href":"https:\/\/zeugma.org.tr\/en-gb\/wp-json\/wp\/v2\/posts\/498\/revisions"}],"wp:featuredmedia":[{"embeddable":true,"href":"https:\/\/zeugma.org.tr\/en-gb\/wp-json\/wp\/v2\/media\/5699"}],"wp:attachment":[{"href":"https:\/\/zeugma.org.tr\/en-gb\/wp-json\/wp\/v2\/media?parent=498"}],"wp:term":[{"taxonomy":"category","embeddable":true,"href":"https:\/\/zeugma.org.tr\/en-gb\/wp-json\/wp\/v2\/categories?post=498"},{"taxonomy":"post_tag","embeddable":true,"href":"https:\/\/zeugma.org.tr\/en-gb\/wp-json\/wp\/v2\/tags?post=498"}],"curies":[{"name":"wp","href":"https:\/\/api.w.org\/{rel}","templated":true}]}}